{"id":4502,"date":"2021-09-09T05:09:45","date_gmt":"2021-09-09T03:09:45","guid":{"rendered":"https:\/\/kbryant.de\/blog\/?p=4502"},"modified":"2022-03-07T12:48:34","modified_gmt":"2022-03-07T11:48:34","slug":"island-testet-viertagewoche","status":"publish","type":"post","link":"https:\/\/kbryant.de\/blog\/island-testet-viertagewoche\/","title":{"rendered":"Island testet die Viertagewoche \u2013 mit positiven Ergebnissen"},"content":{"rendered":"<p>[et_pb_section fb_built=&#8220;1&#8243; specialty=&#8220;on&#8220; _builder_version=&#8220;4.9.7&#8243; inner_width=&#8220;100%&#8220; inner_max_width=&#8220;100%&#8220; custom_margin=&#8220;|5px||5px|false|false&#8220; use_custom_width=&#8220;on&#8220; width_unit=&#8220;off&#8220; custom_width_percent=&#8220;100%&#8220; global_colors_info=&#8220;{}&#8220;][et_pb_column type=&#8220;2_3&#8243; specialty_columns=&#8220;2&#8243; _builder_version=&#8220;3.25&#8243; custom_padding=&#8220;|||&#8220; global_colors_info=&#8220;{}&#8220; custom_padding__hover=&#8220;|||&#8220;][et_pb_row_inner admin_label=&#8220;Zeile&#8220; _builder_version=&#8220;4.7.4&#8243; global_colors_info=&#8220;{}&#8220;][et_pb_column_inner saved_specialty_column_type=&#8220;2_3&#8243; _builder_version=&#8220;3.25&#8243; custom_padding=&#8220;|||&#8220; global_colors_info=&#8220;{}&#8220; custom_padding__hover=&#8220;|||&#8220;][et_pb_image src=&#8220;https:\/\/kbryant.de\/blog\/wp-content\/uploads\/2021\/09\/web_Island-testet-die-Viertagewoche.jpeg&#8220; alt=&#8220;Apple Maps Look Around am New Yorker Times Square&#8220; title_text=&#8220;web_Island testet die Viertagewoche&#8220; align_tablet=&#8220;center&#8220; align_phone=&#8220;&#8220; align_last_edited=&#8220;on|desktop&#8220; _builder_version=&#8220;4.10.6&#8243; hover_enabled=&#8220;0&#8243; global_colors_info=&#8220;{}&#8220; sticky_enabled=&#8220;0&#8243;][\/et_pb_image][et_pb_text _builder_version=&#8220;4.10.6&#8243; text_font=&#8220;Open Sans||||||||&#8220; text_text_color=&#8220;#333333&#8243; header_2_font_size=&#8220;22px&#8220; header_2_line_height=&#8220;1.2em&#8220; header_3_font_size=&#8220;17px&#8220; width=&#8220;100%&#8220; custom_margin=&#8220;|15px||10px|false|false&#8220; header_2_font_size_tablet=&#8220;&#8220; header_2_font_size_phone=&#8220;22px&#8220; header_2_font_size_last_edited=&#8220;on|desktop&#8220; global_colors_info=&#8220;{}&#8220;]<\/p>\n<h2><strong>Tausende isl\u00e4ndische Besch\u00e4ftigte als Mitwirkende in zwei Experimenten<\/strong><\/h2>\n<p><span style=\"font-weight: 400;\">Zusammen mit dem Stadtrat der Landeshauptstadt Reykjavik hat die isl\u00e4ndische Regierung 2014 eine gro\u00dfe Studie angesto\u00dfen. In zwei verschieden angelegten Untersuchungen ging es darum, herauszufinden, <strong>wie sich eine verk\u00fcrzte Arbeitswoche auf das Leben und das Berufsleben der getesteten Personen auswirkt.<\/strong> Die erste Untersuchung fand von 2014 bis 2019 statt, die zweite von 2017 bis 2021.<\/span><\/p>\n<p><span style=\"font-weight: 400;\">Die Ergebnisse wurden jetzt ver\u00f6ffentlicht und sind durchgehend positiv ausgefallen. Zusammengefasst l\u00e4sst sich sagen, dass mehr Freizeit gl\u00fccklicher und produktiver macht. Aufgrund dieser erfolgreichen Tests haben in Island mittlerweile <strong>86 Prozent der arbeitenden Bev\u00f6lkerung<\/strong> k\u00fcrzere Arbeitszeiten oder sind dabei, diese durchzusetzen.<\/span><\/p>\n<h2><strong>Die normale Arbeitswoche<\/strong><\/h2>\n<p><span style=\"font-weight: 400;\">Eine normale, eng getaktete Arbeitswoche dauert nicht nur in Island, sondern auch in anderen europ\u00e4ischen L\u00e4ndern f\u00fcnf Tage. Jeder Arbeitstag hat acht Stunden, sodass die normale Dauer der w\u00f6chentlichen Erwerbst\u00e4tigkeit, wie etwa in Deutschland, bei 40 Wochenstunden liegt. In Island sollte es anders werden. Hier wurde ein gro\u00dfes Experiment gewagt. F\u00fcr eine Studie f\u00fchrte die Regierung die Viertagewoche ein.<\/span><\/p>\n<p><span style=\"font-weight: 400;\">An 100 Arbeitspl\u00e4tzen nahmen insgesamt mehr als <strong>2500 Berufst\u00e4tige<\/strong> an der Studie teil. Bei gleichem Lohn wurde ihre Arbeitszeit von 40 auf 35 Wochenstunden reduziert. Sie arbeiteten w\u00e4hrend der Dauer der Studie nur an vier Tagen in der Woche. Anders als erwartet steigerte sich die Produktivit\u00e4t der Besch\u00e4ftigten.<\/span><\/p>\n<h2><strong>Die Viertagewoche als Konzept f\u00fcr die Zukunft<\/strong><\/h2>\n<p><span style=\"font-weight: 400;\">Eine verk\u00fcrzte Arbeitswoche ist die Basis einer <a href=\"https:\/\/kbryant.de\/blog\/nach-der-arbeit-richtig-abschalten\/\">Work-Life-Balance<\/a>. Sie macht die an den Studien beteiligten Arbeitskr\u00e4fte gl\u00fccklicher und leistungsf\u00e4higer. Diese Vermutung schwebt schon seit Jahren im Raum, weswegen sich Gewerkschaften und andere gesellschaftliche Gruppen schon lange f\u00fcr die Viertagewoche eingesetzt haben. 2014 war es dann so weit, dass die Regierung die Hauptstadt Reykjavik f\u00fcr den Versuch \u201efreigegeben\u201c hat. Der Stadtrat w\u00e4hlte die Arbeitsbereiche aus, deren Besch\u00e4ftigte bis 2019 f\u00fcnf Jahre lang als Testpersonen dienen sollten. Es waren vor allem welche aus den Kindertagesst\u00e4tten und aus Servicezentren.<\/span><\/p>\n<p><span style=\"font-weight: 400;\">W\u00e4hrend der zweiten Studie, die von 2017 bis 2021 dauerte, waren es 440 Beamte, die in die Viertagewoche gingen. Auch bei ihnen wurde kein Produktivit\u00e4tsverlust und auch keinen Verlust an der Arbeitsqualit\u00e4t festgestellt. Viele Teams arbeiteten sogar besser. Absprachen verbesserten sich und auch die Kommunikation zwischen den verschiedenen Abteilungen. Doch nicht nur das. Es verbesserte sich insgesamt auch das Wohlbefinden der Testpersonen. Beispielsweise verringerte sich die Stress- und Burnout-Wahrnehmung. Das liegt auch daran, dass die Arbeitseinteilung anders organisiert werden musste, denn verk\u00fcrzte Arbeitszeiten bedeuten automatisch mehr Freizeit und l\u00e4ngere Wochenenden. Insgesamt stieg interessanterweise parallel zum Wohlbefinden der Menschen auch deren Arbeitsleistung.<\/span><\/p>\n<h2><strong>Das Konzept der Work-Life-Balance \u00fcberzeugt<\/strong><\/h2>\n<p><span style=\"font-weight: 400;\">Die Ergebnisse der isl\u00e4ndischen Studien haben Verantwortliche auch in anderen europ\u00e4ischen L\u00e4ndern aufmerksam gemacht. Die Einf\u00fchrung der verk\u00fcrzten Arbeitswoche wird ernsthaft diskutiert. In wissenschaftlichen Kreisen gilt das isl\u00e4ndische Experiment schon heute als \u201eBlaupause\u201c. Es wurde ein Standard gesetzt, an dem sich Regierungen weltweit orientieren k\u00f6nnen. Die Arbeitswochen der Zukunft k\u00f6nnen \u00fcberall anders aussehen.<\/span><\/p>\n<p><span style=\"font-weight: 400;\">Die Gesellschaften sind reif f\u00fcr k\u00fcrzere Arbeitszeiten. Regierungen k\u00f6nnen von Island lernen und ihre Lehren daraus ziehen. So sieht es zumindest Will Stronge, der Forschungsdirektor des Experiments. Der Erfolg zeigt sich in Island vor allem auch daran, dass mittlerweile ein Gro\u00dfteil der erwerbst\u00e4tigen Bev\u00f6lkerung von k\u00fcrzeren Arbeitszeiten profitiert.<\/span><\/p>\n<p><span style=\"font-weight: 400;\">Die wirtschaftlichen und sozialen Folgen der Coronavirus-Pandemie haben dazu gef\u00fchrt, dass sich Regierungen anderer L\u00e4nder das Island-Experiment genau angeschaut haben. <a href=\"https:\/\/www.theguardian.com\/world\/2021\/mar\/15\/spain-to-launch-trial-of-four-day-working-week\">So testet seit Mai 2021 die spanische Regierung die Viertagewoche.<\/a> Sie genehmigte ein Pilotprojekt, das sich \u00fcber drei Jahre erstrecken soll und sagte den teilnehmenden Unternehmen finanzielle Unterst\u00fctzung in H\u00f6he von 50 Millionen Euro zu.<\/span><\/p>\n<p><span style=\"font-weight: 400;\">Auch die neuseel\u00e4ndische Regierung unter Premierministerin Jacinda Ardern f\u00fchrte die Viertagewoche ein. Hier geht es speziell darum, der von der Coronavirus-Pandemie stark gebeutelte Wirtschaft Neuseelands wieder auf die Beine zu helfen. Es gibt also viele gute Gr\u00fcnde, eine verk\u00fcrzte Arbeitswoche einzuf\u00fchren. Island ist der Vorreiter. Viele werden folgen.<\/span><\/p>\n<p>[\/et_pb_text][et_pb_post_nav in_same_term=&#8220;off&#8220; _builder_version=&#8220;3.0.94&#8243; global_colors_info=&#8220;{}&#8220;][\/et_pb_post_nav][\/et_pb_column_inner][\/et_pb_row_inner][\/et_pb_column][et_pb_column type=&#8220;1_3&#8243; _builder_version=&#8220;3.25&#8243; custom_padding=&#8220;|||&#8220; global_colors_info=&#8220;{}&#8220; custom_padding__hover=&#8220;|||&#8220;][et_pb_sidebar orientation=&#8220;right&#8220; area=&#8220;sidebar-1&#8243; _builder_version=&#8220;3.27.4&#8243; body_font=&#8220;|300|||||||&#8220; body_font_size=&#8220;15px&#8220; body_line_height=&#8220;1.5em&#8220; global_module=&#8220;3416&#8243; saved_tabs=&#8220;all&#8220; global_colors_info=&#8220;{}&#8220;][\/et_pb_sidebar][\/et_pb_column][\/et_pb_section]<\/p>\n","protected":false},"excerpt":{"rendered":"<p>Eine gro\u00df angelegte Studie zeigt: Der Work-Life-Balance geh\u00f6rt die Zukunft. Die isl\u00e4ndischen Erwerbst\u00e4tigen sind mit der Viertagewoche gl\u00fccklicher und trotz reduzierter Arbeitswoche leistungsf\u00e4higer und produktiver.<\/p>\n","protected":false},"author":12,"featured_media":4507,"comment_status":"closed","ping_status":"open","sticky":false,"template":"","format":"standard","meta":{"_et_pb_use_builder":"on","_et_pb_old_content":"","_et_gb_content_width":"","footnotes":""},"categories":[72,247],"tags":[],"yoast_head":"<!-- This site is optimized with the Yoast SEO plugin v24.5 - https:\/\/yoast.com\/wordpress\/plugins\/seo\/ -->\n<title>Island testet die Viertagewoche \u2013 mit positiven Ergebnissen | KBryant.de<\/title>\n<meta name=\"description\" content=\"Eine gro\u00df angelegte Studie zeigt: Die isl\u00e4ndischen Erwerbst\u00e4tigen sind mit der Viertagewoche gl\u00fccklicher und trotz reduzierter Arbeitswoche leistungsf\u00e4higer und produktiver.\" \/>\n<meta name=\"robots\" content=\"index, follow, max-snippet:-1, max-image-preview:large, max-video-preview:-1\" \/>\n<link rel=\"canonical\" href=\"https:\/\/kbryant.de\/blog\/island-testet-viertagewoche\/\" \/>\n<meta property=\"og:locale\" content=\"de_DE\" \/>\n<meta property=\"og:type\" content=\"article\" \/>\n<meta property=\"og:title\" content=\"Island testet die Viertagewoche \u2013 mit positiven Ergebnissen | KBryant.de\" \/>\n<meta property=\"og:description\" content=\"Eine gro\u00df angelegte Studie zeigt: Die isl\u00e4ndischen Erwerbst\u00e4tigen sind mit der Viertagewoche gl\u00fccklicher und trotz reduzierter Arbeitswoche leistungsf\u00e4higer und produktiver.\" \/>\n<meta property=\"og:url\" content=\"https:\/\/kbryant.de\/blog\/island-testet-viertagewoche\/\" \/>\n<meta property=\"og:site_name\" content=\"KBryant\" \/>\n<meta property=\"article:publisher\" content=\"https:\/\/www.facebook.com\/kbryantgmbh\" \/>\n<meta property=\"article:published_time\" content=\"2021-09-09T03:09:45+00:00\" \/>\n<meta property=\"article:modified_time\" content=\"2022-03-07T11:48:34+00:00\" \/>\n<meta property=\"og:image\" content=\"https:\/\/kbryant.de\/blog\/wp-content\/uploads\/2021\/09\/web_Island-testet-die-Viertagewoche.jpeg\" \/>\n\t<meta property=\"og:image:width\" content=\"1000\" \/>\n\t<meta property=\"og:image:height\" content=\"668\" \/>\n\t<meta property=\"og:image:type\" content=\"image\/jpeg\" \/>\n<meta name=\"author\" content=\"KBryant GmbH\" \/>\n<meta name=\"twitter:card\" content=\"summary_large_image\" \/>\n<meta name=\"twitter:creator\" content=\"@kbryant_gmbh\" \/>\n<meta name=\"twitter:site\" content=\"@kbryant_gmbh\" \/>\n<meta name=\"twitter:label1\" content=\"Verfasst von\" \/>\n\t<meta name=\"twitter:data1\" content=\"KBryant GmbH\" \/>\n\t<meta name=\"twitter:label2\" content=\"Gesch\u00e4tzte Lesezeit\" \/>\n\t<meta name=\"twitter:data2\" content=\"5\u00a0Minuten\" \/>\n<script type=\"application\/ld+json\" class=\"yoast-schema-graph\">{\"@context\":\"https:\/\/schema.org\",\"@graph\":[{\"@type\":\"WebPage\",\"@id\":\"https:\/\/kbryant.de\/blog\/island-testet-viertagewoche\/\",\"url\":\"https:\/\/kbryant.de\/blog\/island-testet-viertagewoche\/\",\"name\":\"Island testet die Viertagewoche \u2013 mit positiven Ergebnissen | KBryant.de\",\"isPartOf\":{\"@id\":\"https:\/\/kbryant.de\/blog\/#website\"},\"primaryImageOfPage\":{\"@id\":\"https:\/\/kbryant.de\/blog\/island-testet-viertagewoche\/#primaryimage\"},\"image\":{\"@id\":\"https:\/\/kbryant.de\/blog\/island-testet-viertagewoche\/#primaryimage\"},\"thumbnailUrl\":\"https:\/\/kbryant.de\/blog\/wp-content\/uploads\/2021\/09\/web_Island-testet-die-Viertagewoche.jpeg\",\"datePublished\":\"2021-09-09T03:09:45+00:00\",\"dateModified\":\"2022-03-07T11:48:34+00:00\",\"author\":{\"@id\":\"https:\/\/kbryant.de\/blog\/#\/schema\/person\/67a28368c58f2d6a089625619617d7dc\"},\"description\":\"Eine gro\u00df angelegte Studie zeigt: Die isl\u00e4ndischen Erwerbst\u00e4tigen sind mit der Viertagewoche gl\u00fccklicher und trotz reduzierter Arbeitswoche leistungsf\u00e4higer und produktiver.\",\"breadcrumb\":{\"@id\":\"https:\/\/kbryant.de\/blog\/island-testet-viertagewoche\/#breadcrumb\"},\"inLanguage\":\"de\",\"potentialAction\":[{\"@type\":\"ReadAction\",\"target\":[\"https:\/\/kbryant.de\/blog\/island-testet-viertagewoche\/\"]}]},{\"@type\":\"ImageObject\",\"inLanguage\":\"de\",\"@id\":\"https:\/\/kbryant.de\/blog\/island-testet-viertagewoche\/#primaryimage\",\"url\":\"https:\/\/kbryant.de\/blog\/wp-content\/uploads\/2021\/09\/web_Island-testet-die-Viertagewoche.jpeg\",\"contentUrl\":\"https:\/\/kbryant.de\/blog\/wp-content\/uploads\/2021\/09\/web_Island-testet-die-Viertagewoche.jpeg\",\"width\":1000,\"height\":668},{\"@type\":\"BreadcrumbList\",\"@id\":\"https:\/\/kbryant.de\/blog\/island-testet-viertagewoche\/#breadcrumb\",\"itemListElement\":[{\"@type\":\"ListItem\",\"position\":1,\"name\":\"Startseite\",\"item\":\"https:\/\/kbryant.de\/blog\/\"},{\"@type\":\"ListItem\",\"position\":2,\"name\":\"Island testet die Viertagewoche \u2013 mit positiven Ergebnissen\"}]},{\"@type\":\"WebSite\",\"@id\":\"https:\/\/kbryant.de\/blog\/#website\",\"url\":\"https:\/\/kbryant.de\/blog\/\",\"name\":\"KBryant\",\"description\":\"Personalvermittlung\",\"potentialAction\":[{\"@type\":\"SearchAction\",\"target\":{\"@type\":\"EntryPoint\",\"urlTemplate\":\"https:\/\/kbryant.de\/blog\/?s={search_term_string}\"},\"query-input\":{\"@type\":\"PropertyValueSpecification\",\"valueRequired\":true,\"valueName\":\"search_term_string\"}}],\"inLanguage\":\"de\"},{\"@type\":\"Person\",\"@id\":\"https:\/\/kbryant.de\/blog\/#\/schema\/person\/67a28368c58f2d6a089625619617d7dc\",\"name\":\"KBryant GmbH\",\"image\":{\"@type\":\"ImageObject\",\"inLanguage\":\"de\",\"@id\":\"https:\/\/kbryant.de\/blog\/#\/schema\/person\/image\/\",\"url\":\"https:\/\/secure.gravatar.com\/avatar\/2fc6c60b753244df2fcf8b56d04afaa3?s=96&d=retro&r=g\",\"contentUrl\":\"https:\/\/secure.gravatar.com\/avatar\/2fc6c60b753244df2fcf8b56d04afaa3?s=96&d=retro&r=g\",\"caption\":\"KBryant GmbH\"},\"sameAs\":[\"http:\/\/www.kbryant.de\"],\"url\":\"https:\/\/kbryant.de\/blog\/author\/kbryant-gmbh\/\"}]}<\/script>\n<!-- \/ Yoast SEO plugin. -->","yoast_head_json":{"title":"Island testet die Viertagewoche \u2013 mit positiven Ergebnissen | KBryant.de","description":"Eine gro\u00df angelegte Studie zeigt: Die isl\u00e4ndischen Erwerbst\u00e4tigen sind mit der Viertagewoche gl\u00fccklicher und trotz reduzierter Arbeitswoche leistungsf\u00e4higer und produktiver.","robots":{"index":"index","follow":"follow","max-snippet":"max-snippet:-1","max-image-preview":"max-image-preview:large","max-video-preview":"max-video-preview:-1"},"canonical":"https:\/\/kbryant.de\/blog\/island-testet-viertagewoche\/","og_locale":"de_DE","og_type":"article","og_title":"Island testet die Viertagewoche \u2013 mit positiven Ergebnissen | KBryant.de","og_description":"Eine gro\u00df angelegte Studie zeigt: Die isl\u00e4ndischen Erwerbst\u00e4tigen sind mit der Viertagewoche gl\u00fccklicher und trotz reduzierter Arbeitswoche leistungsf\u00e4higer und produktiver.","og_url":"https:\/\/kbryant.de\/blog\/island-testet-viertagewoche\/","og_site_name":"KBryant","article_publisher":"https:\/\/www.facebook.com\/kbryantgmbh","article_published_time":"2021-09-09T03:09:45+00:00","article_modified_time":"2022-03-07T11:48:34+00:00","og_image":[{"width":1000,"height":668,"url":"https:\/\/kbryant.de\/blog\/wp-content\/uploads\/2021\/09\/web_Island-testet-die-Viertagewoche.jpeg","type":"image\/jpeg"}],"author":"KBryant GmbH","twitter_card":"summary_large_image","twitter_creator":"@kbryant_gmbh","twitter_site":"@kbryant_gmbh","twitter_misc":{"Verfasst von":"KBryant GmbH","Gesch\u00e4tzte Lesezeit":"5\u00a0Minuten"},"schema":{"@context":"https:\/\/schema.org","@graph":[{"@type":"WebPage","@id":"https:\/\/kbryant.de\/blog\/island-testet-viertagewoche\/","url":"https:\/\/kbryant.de\/blog\/island-testet-viertagewoche\/","name":"Island testet die Viertagewoche \u2013 mit positiven Ergebnissen | KBryant.de","isPartOf":{"@id":"https:\/\/kbryant.de\/blog\/#website"},"primaryImageOfPage":{"@id":"https:\/\/kbryant.de\/blog\/island-testet-viertagewoche\/#primaryimage"},"image":{"@id":"https:\/\/kbryant.de\/blog\/island-testet-viertagewoche\/#primaryimage"},"thumbnailUrl":"https:\/\/kbryant.de\/blog\/wp-content\/uploads\/2021\/09\/web_Island-testet-die-Viertagewoche.jpeg","datePublished":"2021-09-09T03:09:45+00:00","dateModified":"2022-03-07T11:48:34+00:00","author":{"@id":"https:\/\/kbryant.de\/blog\/#\/schema\/person\/67a28368c58f2d6a089625619617d7dc"},"description":"Eine gro\u00df angelegte Studie zeigt: Die isl\u00e4ndischen Erwerbst\u00e4tigen sind mit der Viertagewoche gl\u00fccklicher und trotz reduzierter Arbeitswoche leistungsf\u00e4higer und produktiver.","breadcrumb":{"@id":"https:\/\/kbryant.de\/blog\/island-testet-viertagewoche\/#breadcrumb"},"inLanguage":"de","potentialAction":[{"@type":"ReadAction","target":["https:\/\/kbryant.de\/blog\/island-testet-viertagewoche\/"]}]},{"@type":"ImageObject","inLanguage":"de","@id":"https:\/\/kbryant.de\/blog\/island-testet-viertagewoche\/#primaryimage","url":"https:\/\/kbryant.de\/blog\/wp-content\/uploads\/2021\/09\/web_Island-testet-die-Viertagewoche.jpeg","contentUrl":"https:\/\/kbryant.de\/blog\/wp-content\/uploads\/2021\/09\/web_Island-testet-die-Viertagewoche.jpeg","width":1000,"height":668},{"@type":"BreadcrumbList","@id":"https:\/\/kbryant.de\/blog\/island-testet-viertagewoche\/#breadcrumb","itemListElement":[{"@type":"ListItem","position":1,"name":"Startseite","item":"https:\/\/kbryant.de\/blog\/"},{"@type":"ListItem","position":2,"name":"Island testet die Viertagewoche \u2013 mit positiven Ergebnissen"}]},{"@type":"WebSite","@id":"https:\/\/kbryant.de\/blog\/#website","url":"https:\/\/kbryant.de\/blog\/","name":"KBryant","description":"Personalvermittlung","potentialAction":[{"@type":"SearchAction","target":{"@type":"EntryPoint","urlTemplate":"https:\/\/kbryant.de\/blog\/?s={search_term_string}"},"query-input":{"@type":"PropertyValueSpecification","valueRequired":true,"valueName":"search_term_string"}}],"inLanguage":"de"},{"@type":"Person","@id":"https:\/\/kbryant.de\/blog\/#\/schema\/person\/67a28368c58f2d6a089625619617d7dc","name":"KBryant GmbH","image":{"@type":"ImageObject","inLanguage":"de","@id":"https:\/\/kbryant.de\/blog\/#\/schema\/person\/image\/","url":"https:\/\/secure.gravatar.com\/avatar\/2fc6c60b753244df2fcf8b56d04afaa3?s=96&d=retro&r=g","contentUrl":"https:\/\/secure.gravatar.com\/avatar\/2fc6c60b753244df2fcf8b56d04afaa3?s=96&d=retro&r=g","caption":"KBryant GmbH"},"sameAs":["http:\/\/www.kbryant.de"],"url":"https:\/\/kbryant.de\/blog\/author\/kbryant-gmbh\/"}]}},"_links":{"self":[{"href":"https:\/\/kbryant.de\/blog\/wp-json\/wp\/v2\/posts\/4502"}],"collection":[{"href":"https:\/\/kbryant.de\/blog\/wp-json\/wp\/v2\/posts"}],"about":[{"href":"https:\/\/kbryant.de\/blog\/wp-json\/wp\/v2\/types\/post"}],"author":[{"embeddable":true,"href":"https:\/\/kbryant.de\/blog\/wp-json\/wp\/v2\/users\/12"}],"replies":[{"embeddable":true,"href":"https:\/\/kbryant.de\/blog\/wp-json\/wp\/v2\/comments?post=4502"}],"version-history":[{"count":6,"href":"https:\/\/kbryant.de\/blog\/wp-json\/wp\/v2\/posts\/4502\/revisions"}],"predecessor-version":[{"id":4515,"href":"https:\/\/kbryant.de\/blog\/wp-json\/wp\/v2\/posts\/4502\/revisions\/4515"}],"wp:featuredmedia":[{"embeddable":true,"href":"https:\/\/kbryant.de\/blog\/wp-json\/wp\/v2\/media\/4507"}],"wp:attachment":[{"href":"https:\/\/kbryant.de\/blog\/wp-json\/wp\/v2\/media?parent=4502"}],"wp:term":[{"taxonomy":"category","embeddable":true,"href":"https:\/\/kbryant.de\/blog\/wp-json\/wp\/v2\/categories?post=4502"},{"taxonomy":"post_tag","embeddable":true,"href":"https:\/\/kbryant.de\/blog\/wp-json\/wp\/v2\/tags?post=4502"}],"curies":[{"name":"wp","href":"https:\/\/api.w.org\/{rel}","templated":true}]}}