{"id":4363,"date":"2021-06-23T06:09:36","date_gmt":"2021-06-23T04:09:36","guid":{"rendered":"https:\/\/kbryant.de\/blog\/?p=4363"},"modified":"2022-03-07T12:48:38","modified_gmt":"2022-03-07T11:48:38","slug":"trotz-hitze-mit-ffp2-maske-im-buero","status":"publish","type":"post","link":"https:\/\/kbryant.de\/blog\/trotz-hitze-mit-ffp2-maske-im-buero\/","title":{"rendered":"M\u00fcsst ihr trotz Hitze mit FFP2-Maske im B\u00fcro arbeiten?"},"content":{"rendered":"<p>[et_pb_section fb_built=&#8220;1&#8243; specialty=&#8220;on&#8220; _builder_version=&#8220;4.9.7&#8243; inner_width=&#8220;100%&#8220; inner_max_width=&#8220;100%&#8220; custom_margin=&#8220;|5px||5px|false|false&#8220; use_custom_width=&#8220;on&#8220; width_unit=&#8220;off&#8220; custom_width_percent=&#8220;100%&#8220;][et_pb_column type=&#8220;2_3&#8243; specialty_columns=&#8220;2&#8243; _builder_version=&#8220;3.25&#8243; custom_padding=&#8220;|||&#8220; custom_padding__hover=&#8220;|||&#8220;][et_pb_row_inner admin_label=&#8220;Zeile&#8220; _builder_version=&#8220;4.7.4&#8243;][et_pb_column_inner saved_specialty_column_type=&#8220;2_3&#8243; _builder_version=&#8220;3.25&#8243; custom_padding=&#8220;|||&#8220; custom_padding__hover=&#8220;|||&#8220;][et_pb_image src=&#8220;https:\/\/kbryant.de\/blog\/wp-content\/uploads\/2021\/06\/Mu\u0308sst-ihr-trotz-Hitze-mit-FFP2-Maske-im-Bu\u0308ro-arbeiten.jpeg&#8220; alt=&#8220;Apple Maps Look Around am New Yorker Times Square&#8220; title_text=&#8220;Mu\u0308sst ihr trotz Hitze mit FFP2-Maske im Bu\u0308ro arbeiten&#8220; align_tablet=&#8220;center&#8220; align_phone=&#8220;&#8220; align_last_edited=&#8220;on|desktop&#8220; _builder_version=&#8220;4.9.7&#8243;][\/et_pb_image][et_pb_text _builder_version=&#8220;4.9.7&#8243; text_font=&#8220;Open Sans||||||||&#8220; text_text_color=&#8220;#333333&#8243; header_2_font_size=&#8220;22px&#8220; header_2_line_height=&#8220;1.2em&#8220; header_3_font_size=&#8220;17px&#8220; width=&#8220;100%&#8220; custom_margin=&#8220;|10px||10px|false|false&#8220; header_2_font_size_tablet=&#8220;&#8220; header_2_font_size_phone=&#8220;22px&#8220; header_2_font_size_last_edited=&#8220;on|desktop&#8220;]<\/p>\n<p><span style=\"font-weight: 400;\">Die Temperaturen der letzten Wochen zeigen ganz klar, dass der Sommer in Mitteleuropa angekommen ist. Bei Temperaturen \u00fcber 30\u00b0C wird das Arbeiten h\u00e4ufig zur Qual. Eigene Gesetze zum Arbeiterschutz regeln, unter welchen Umst\u00e4nden die Arbeit zumutbar und vor allem zul\u00e4ssig ist. Doch wie sieht das Thema in Pandemie-Zeiten aus? <strong>Welche Rechte hat der Arbeitnehmer im Homeoffice? Und musst du tats\u00e4chlich trotz extremer Hitze im B\u00fcro eine FFP2-Maske tragen?<\/strong> Wir haben uns die wichtigsten Regelungen und Gesetze f\u00fcr dich genauer angesehen.<\/span><\/p>\n<h2><strong>Die FFP2-Maske im B\u00fcro<\/strong><\/h2>\n<p><span style=\"font-weight: 400;\">Wir wollen an dieser Stelle nicht n\u00e4her darauf eingehen, unter welchen Umst\u00e4nden generell die Maskenpflicht im B\u00fcro gilt. Zu diesem Zweck solltest du die entsprechenden, <a href=\"https:\/\/www.bmas.de\/DE\/Corona\/Fragen-und-Antworten\/Fragen-und-Antworten-ASVO\/faq-corona-asvo.html#:~:text=In%20Betrieben%20ab%2010%20Besch%C3%A4ftigten,%2DSchutz)%20zur%20Verf%C3%BCgung%20stellen.\" target=\"_blank\" rel=\"noopener\">aktuell g\u00fcltigen Regelungen der Regierung<\/a> ansehen. Falls an deinem Arbeitsplatz jedoch die Pflicht zum Tragen einer FFP2-Maske besteht, stellt sich die Frage, inwieweit dies auch bei gro\u00dfer Hitze g\u00fcltig ist. Die Antwort lautet: Ja. Die Maskenpflicht gilt g\u00e4nzlich unabh\u00e4ngig der Temperaturen. Allerdings gelten Regelungen, dass die Temperatur am Arbeitsplatz nicht \u00fcber 26\u00b0C steigen sollte und im Falle entsprechende Ma\u00dfnahmen getroffen werden m\u00fcssen.<\/span><\/p>\n<h2><strong>Diese Ma\u00dfnahmen m\u00fcssen arbeitsrechtlich getroffen werden<\/strong><\/h2>\n<p><span style=\"font-weight: 400;\">Steigen die Temperaturen im B\u00fcro auf \u00fcber 26\u00b0C an, ist der Arbeitnehmer dazu verpflichtet, direkte Sonneneinstrahlung zu vermeiden. Zu diesem Zweck k\u00f6nnen Jalousien angebracht werden. Ist die Temperatur immer noch zu hoch, k\u00f6nnen \u00fcber den Betriebsrat weitere Ma\u00dfnahmen angeregt werden. Beispielsweise kann eine Klimaanlage die Temperatur regulieren. Es ist jedoch darauf zu achten, dass diese nicht zu niedrig ist. Ein Temperaturunterschied von maximal 6\u00b0C zur Au\u00dfentemperatur wird empfohlen.<\/span><\/p>\n<h2><strong>Wie sieht es mit Vorschriften zur Bekleidung aus?<\/strong><\/h2>\n<p><span style=\"font-weight: 400;\">Bei vielen Berufen ist ein bestimmter Dresscode n\u00f6tig. Dies trifft vor allem auf Jobs mit Kundenkontakt zu. Wird vom Arbeitgeber ein bestimmter Kleidungsstil vorgegeben, darfst du diesen nicht willk\u00fcrlich ver\u00e4ndern und ignorieren. So ist es beispielsweise nicht m\u00f6glich, als Kundenbetreuer in einer Bank mit kurzer Hose zu erscheinen. Im Zweifelsfall solltest du immer das Gespr\u00e4ch mit deinem Vorgesetzten suchen und nachfragen, inwieweit ein luftigerer Kleidungsstil erlaubt ist oder nicht.<\/span><\/p>\n<h2><strong>Die Regelungen im Homeoffice<\/strong><\/h2>\n<p><span style=\"font-weight: 400;\"><a href=\"https:\/\/kbryant.de\/blog\/5-beispiele-fuer-ein-schoenes-homeoffice\/\">Du arbeitest aktuell im sch\u00f6n eingerichteten Homeoffice?<\/a> Die gute Nachricht ist, hier musst du garantiert keine FFP2-Maske tragen. Die schlechte Nachricht lautet: Meist sind Wohnungen weniger gut an hohe Temperaturen angepasst, als B\u00fcros. Das hei\u00dft, dass du im Homeoffice sehr wahrscheinlich mit h\u00f6heren Temperaturen zu k\u00e4mpfen hast. Allerdings ist dein Zuhause jetzt auch dein Arbeitsplatz. Das hei\u00dft, dass auch hier dein Chef daf\u00fcr sorgen m\u00fcsste, dass die Temperaturen angemessen bleiben. Allerdings sind die Gesetze hier nicht eindeutig und keinesfalls vollst\u00e4ndig ausgearbeitet. Am besten ist auch hier das offene und direkte Gespr\u00e4ch mit deinem Arbeitgeber. Die Anschaffung eines Ventilators sollte das Budget nicht sprengen, die Montage einer Jalousie wird hingegen mit Sicherheit nicht finanziert werden. Eine m\u00f6gliche L\u00f6sung w\u00e4re auch das Verlegen der Arbeitszeit, sodass w\u00e4hrend der Arbeit niedrigere Temperaturen herrschen.<\/span><\/p>\n<h2><strong>Gibt es so etwas wie &#8222;hitzefrei&#8220;?<\/strong><\/h2>\n<p><span style=\"font-weight: 400;\">Grunds\u00e4tzlich gibt es im deutschen Arbeitsrecht keine Regelung, dass ab bestimmten Temperaturen die Arbeit unzumutbar wird. Allerdings besteht die M\u00f6glichkeit, ab 35\u00b0C im Einvernehmen mit dem Chef hitzefreie Tage zu erm\u00f6glichen. Du darfst jedoch nie ohne die Erlaubnis deines Vorgesetzten beschlie\u00dfen, dass dieser Tag zu hei\u00df zum arbeiten ist, denn das ist bei wiederholtem Auftreten ein Grund f\u00fcr eine fristlose K\u00fcndigung.<\/span><\/p>\n<p>[\/et_pb_text][et_pb_post_nav in_same_term=&#8220;off&#8220; _builder_version=&#8220;3.0.94&#8243;][\/et_pb_post_nav][\/et_pb_column_inner][\/et_pb_row_inner][\/et_pb_column][et_pb_column type=&#8220;1_3&#8243; _builder_version=&#8220;3.25&#8243; custom_padding=&#8220;|||&#8220; custom_padding__hover=&#8220;|||&#8220;][et_pb_sidebar orientation=&#8220;right&#8220; area=&#8220;sidebar-1&#8243; _builder_version=&#8220;3.27.4&#8243; body_font=&#8220;|300|||||||&#8220; body_font_size=&#8220;15px&#8220; body_line_height=&#8220;1.5em&#8220; global_module=&#8220;3416&#8243; saved_tabs=&#8220;all&#8220;][\/et_pb_sidebar][\/et_pb_column][\/et_pb_section]<\/p>\n","protected":false},"excerpt":{"rendered":"<p>Bei \u00fcber 30\u00b0C wird das Arbeiten zur Qual. Hier erfahrt ihr genau unter welchen Umst\u00e4nden die Arbeit in Pandemie-Zeiten zumutbar ist. <\/p>\n","protected":false},"author":7,"featured_media":4366,"comment_status":"closed","ping_status":"open","sticky":false,"template":"","format":"standard","meta":{"_et_pb_use_builder":"on","_et_pb_old_content":"","_et_gb_content_width":"","footnotes":""},"categories":[65],"tags":[],"yoast_head":"<!-- This site is optimized with the Yoast SEO plugin v24.5 - https:\/\/yoast.com\/wordpress\/plugins\/seo\/ -->\n<title>M\u00fcsst ihr trotz Hitze mit FFP2-Maske im B\u00fcro arbeiten? - KBryant<\/title>\n<meta name=\"description\" content=\"Bei \u00fcber 30\u00b0C wird das Arbeiten zur Qual. Hier erfahrt ihr genau unter welchen Umst\u00e4nden die Arbeit in Pandemie-Zeiten zumutbar ist.\" \/>\n<meta name=\"robots\" content=\"index, follow, max-snippet:-1, max-image-preview:large, max-video-preview:-1\" \/>\n<link rel=\"canonical\" href=\"https:\/\/kbryant.de\/blog\/trotz-hitze-mit-ffp2-maske-im-buero\/\" \/>\n<meta property=\"og:locale\" content=\"de_DE\" \/>\n<meta property=\"og:type\" content=\"article\" \/>\n<meta property=\"og:title\" content=\"M\u00fcsst ihr trotz Hitze mit FFP2-Maske im B\u00fcro arbeiten? - KBryant\" \/>\n<meta property=\"og:description\" content=\"Bei \u00fcber 30\u00b0C wird das Arbeiten zur Qual. Hier erfahrt ihr genau unter welchen Umst\u00e4nden die Arbeit in Pandemie-Zeiten zumutbar ist.\" \/>\n<meta property=\"og:url\" content=\"https:\/\/kbryant.de\/blog\/trotz-hitze-mit-ffp2-maske-im-buero\/\" \/>\n<meta property=\"og:site_name\" content=\"KBryant\" \/>\n<meta property=\"article:publisher\" content=\"https:\/\/www.facebook.com\/kbryantgmbh\" \/>\n<meta property=\"article:published_time\" content=\"2021-06-23T04:09:36+00:00\" \/>\n<meta property=\"article:modified_time\" content=\"2022-03-07T11:48:38+00:00\" \/>\n<meta property=\"og:image\" content=\"https:\/\/kbryant.de\/blog\/wp-content\/uploads\/2021\/06\/Mu\u0308sst-ihr-trotz-Hitze-mit-FFP2-Maske-im-Bu\u0308ro-arbeiten.jpeg\" \/>\n\t<meta property=\"og:image:width\" content=\"1000\" \/>\n\t<meta property=\"og:image:height\" content=\"668\" \/>\n\t<meta property=\"og:image:type\" content=\"image\/jpeg\" \/>\n<meta name=\"author\" content=\"Rahmi Ozcan\" \/>\n<meta name=\"twitter:card\" content=\"summary_large_image\" \/>\n<meta name=\"twitter:creator\" content=\"@kbryant_gmbh\" \/>\n<meta name=\"twitter:site\" content=\"@kbryant_gmbh\" \/>\n<meta name=\"twitter:label1\" content=\"Verfasst von\" \/>\n\t<meta name=\"twitter:data1\" content=\"Rahmi Ozcan\" \/>\n\t<meta name=\"twitter:label2\" content=\"Gesch\u00e4tzte Lesezeit\" \/>\n\t<meta name=\"twitter:data2\" content=\"4\u00a0Minuten\" \/>\n<script type=\"application\/ld+json\" class=\"yoast-schema-graph\">{\"@context\":\"https:\/\/schema.org\",\"@graph\":[{\"@type\":\"WebPage\",\"@id\":\"https:\/\/kbryant.de\/blog\/trotz-hitze-mit-ffp2-maske-im-buero\/\",\"url\":\"https:\/\/kbryant.de\/blog\/trotz-hitze-mit-ffp2-maske-im-buero\/\",\"name\":\"M\u00fcsst ihr trotz Hitze mit FFP2-Maske im B\u00fcro arbeiten? - KBryant\",\"isPartOf\":{\"@id\":\"https:\/\/kbryant.de\/blog\/#website\"},\"primaryImageOfPage\":{\"@id\":\"https:\/\/kbryant.de\/blog\/trotz-hitze-mit-ffp2-maske-im-buero\/#primaryimage\"},\"image\":{\"@id\":\"https:\/\/kbryant.de\/blog\/trotz-hitze-mit-ffp2-maske-im-buero\/#primaryimage\"},\"thumbnailUrl\":\"https:\/\/kbryant.de\/blog\/wp-content\/uploads\/2021\/06\/Mu\u0308sst-ihr-trotz-Hitze-mit-FFP2-Maske-im-Bu\u0308ro-arbeiten.jpeg\",\"datePublished\":\"2021-06-23T04:09:36+00:00\",\"dateModified\":\"2022-03-07T11:48:38+00:00\",\"author\":{\"@id\":\"https:\/\/kbryant.de\/blog\/#\/schema\/person\/75f6786589e6c7ce36482bc6d3240fc4\"},\"description\":\"Bei \u00fcber 30\u00b0C wird das Arbeiten zur Qual. Hier erfahrt ihr genau unter welchen Umst\u00e4nden die Arbeit in Pandemie-Zeiten zumutbar ist.\",\"breadcrumb\":{\"@id\":\"https:\/\/kbryant.de\/blog\/trotz-hitze-mit-ffp2-maske-im-buero\/#breadcrumb\"},\"inLanguage\":\"de\",\"potentialAction\":[{\"@type\":\"ReadAction\",\"target\":[\"https:\/\/kbryant.de\/blog\/trotz-hitze-mit-ffp2-maske-im-buero\/\"]}]},{\"@type\":\"ImageObject\",\"inLanguage\":\"de\",\"@id\":\"https:\/\/kbryant.de\/blog\/trotz-hitze-mit-ffp2-maske-im-buero\/#primaryimage\",\"url\":\"https:\/\/kbryant.de\/blog\/wp-content\/uploads\/2021\/06\/Mu\u0308sst-ihr-trotz-Hitze-mit-FFP2-Maske-im-Bu\u0308ro-arbeiten.jpeg\",\"contentUrl\":\"https:\/\/kbryant.de\/blog\/wp-content\/uploads\/2021\/06\/Mu\u0308sst-ihr-trotz-Hitze-mit-FFP2-Maske-im-Bu\u0308ro-arbeiten.jpeg\",\"width\":1000,\"height\":668},{\"@type\":\"BreadcrumbList\",\"@id\":\"https:\/\/kbryant.de\/blog\/trotz-hitze-mit-ffp2-maske-im-buero\/#breadcrumb\",\"itemListElement\":[{\"@type\":\"ListItem\",\"position\":1,\"name\":\"Startseite\",\"item\":\"https:\/\/kbryant.de\/blog\/\"},{\"@type\":\"ListItem\",\"position\":2,\"name\":\"M\u00fcsst ihr trotz Hitze mit FFP2-Maske im B\u00fcro arbeiten?\"}]},{\"@type\":\"WebSite\",\"@id\":\"https:\/\/kbryant.de\/blog\/#website\",\"url\":\"https:\/\/kbryant.de\/blog\/\",\"name\":\"KBryant\",\"description\":\"Personalvermittlung\",\"potentialAction\":[{\"@type\":\"SearchAction\",\"target\":{\"@type\":\"EntryPoint\",\"urlTemplate\":\"https:\/\/kbryant.de\/blog\/?s={search_term_string}\"},\"query-input\":{\"@type\":\"PropertyValueSpecification\",\"valueRequired\":true,\"valueName\":\"search_term_string\"}}],\"inLanguage\":\"de\"},{\"@type\":\"Person\",\"@id\":\"https:\/\/kbryant.de\/blog\/#\/schema\/person\/75f6786589e6c7ce36482bc6d3240fc4\",\"name\":\"Rahmi Ozcan\",\"image\":{\"@type\":\"ImageObject\",\"inLanguage\":\"de\",\"@id\":\"https:\/\/kbryant.de\/blog\/#\/schema\/person\/image\/\",\"url\":\"https:\/\/secure.gravatar.com\/avatar\/8b78180c5108329cd34e78b1e9e09e3d?s=96&d=retro&r=g\",\"contentUrl\":\"https:\/\/secure.gravatar.com\/avatar\/8b78180c5108329cd34e78b1e9e09e3d?s=96&d=retro&r=g\",\"caption\":\"Rahmi Ozcan\"},\"sameAs\":[\"https:\/\/thinkdigitalnow.co\/\"],\"url\":\"https:\/\/kbryant.de\/blog\/author\/rahmi\/\"}]}<\/script>\n<!-- \/ Yoast SEO plugin. -->","yoast_head_json":{"title":"M\u00fcsst ihr trotz Hitze mit FFP2-Maske im B\u00fcro arbeiten? - KBryant","description":"Bei \u00fcber 30\u00b0C wird das Arbeiten zur Qual. Hier erfahrt ihr genau unter welchen Umst\u00e4nden die Arbeit in Pandemie-Zeiten zumutbar ist.","robots":{"index":"index","follow":"follow","max-snippet":"max-snippet:-1","max-image-preview":"max-image-preview:large","max-video-preview":"max-video-preview:-1"},"canonical":"https:\/\/kbryant.de\/blog\/trotz-hitze-mit-ffp2-maske-im-buero\/","og_locale":"de_DE","og_type":"article","og_title":"M\u00fcsst ihr trotz Hitze mit FFP2-Maske im B\u00fcro arbeiten? - KBryant","og_description":"Bei \u00fcber 30\u00b0C wird das Arbeiten zur Qual. Hier erfahrt ihr genau unter welchen Umst\u00e4nden die Arbeit in Pandemie-Zeiten zumutbar ist.","og_url":"https:\/\/kbryant.de\/blog\/trotz-hitze-mit-ffp2-maske-im-buero\/","og_site_name":"KBryant","article_publisher":"https:\/\/www.facebook.com\/kbryantgmbh","article_published_time":"2021-06-23T04:09:36+00:00","article_modified_time":"2022-03-07T11:48:38+00:00","og_image":[{"width":1000,"height":668,"url":"https:\/\/kbryant.de\/blog\/wp-content\/uploads\/2021\/06\/Mu\u0308sst-ihr-trotz-Hitze-mit-FFP2-Maske-im-Bu\u0308ro-arbeiten.jpeg","type":"image\/jpeg"}],"author":"Rahmi Ozcan","twitter_card":"summary_large_image","twitter_creator":"@kbryant_gmbh","twitter_site":"@kbryant_gmbh","twitter_misc":{"Verfasst von":"Rahmi Ozcan","Gesch\u00e4tzte Lesezeit":"4\u00a0Minuten"},"schema":{"@context":"https:\/\/schema.org","@graph":[{"@type":"WebPage","@id":"https:\/\/kbryant.de\/blog\/trotz-hitze-mit-ffp2-maske-im-buero\/","url":"https:\/\/kbryant.de\/blog\/trotz-hitze-mit-ffp2-maske-im-buero\/","name":"M\u00fcsst ihr trotz Hitze mit FFP2-Maske im B\u00fcro arbeiten? - KBryant","isPartOf":{"@id":"https:\/\/kbryant.de\/blog\/#website"},"primaryImageOfPage":{"@id":"https:\/\/kbryant.de\/blog\/trotz-hitze-mit-ffp2-maske-im-buero\/#primaryimage"},"image":{"@id":"https:\/\/kbryant.de\/blog\/trotz-hitze-mit-ffp2-maske-im-buero\/#primaryimage"},"thumbnailUrl":"https:\/\/kbryant.de\/blog\/wp-content\/uploads\/2021\/06\/Mu\u0308sst-ihr-trotz-Hitze-mit-FFP2-Maske-im-Bu\u0308ro-arbeiten.jpeg","datePublished":"2021-06-23T04:09:36+00:00","dateModified":"2022-03-07T11:48:38+00:00","author":{"@id":"https:\/\/kbryant.de\/blog\/#\/schema\/person\/75f6786589e6c7ce36482bc6d3240fc4"},"description":"Bei \u00fcber 30\u00b0C wird das Arbeiten zur Qual. Hier erfahrt ihr genau unter welchen Umst\u00e4nden die Arbeit in Pandemie-Zeiten zumutbar ist.","breadcrumb":{"@id":"https:\/\/kbryant.de\/blog\/trotz-hitze-mit-ffp2-maske-im-buero\/#breadcrumb"},"inLanguage":"de","potentialAction":[{"@type":"ReadAction","target":["https:\/\/kbryant.de\/blog\/trotz-hitze-mit-ffp2-maske-im-buero\/"]}]},{"@type":"ImageObject","inLanguage":"de","@id":"https:\/\/kbryant.de\/blog\/trotz-hitze-mit-ffp2-maske-im-buero\/#primaryimage","url":"https:\/\/kbryant.de\/blog\/wp-content\/uploads\/2021\/06\/Mu\u0308sst-ihr-trotz-Hitze-mit-FFP2-Maske-im-Bu\u0308ro-arbeiten.jpeg","contentUrl":"https:\/\/kbryant.de\/blog\/wp-content\/uploads\/2021\/06\/Mu\u0308sst-ihr-trotz-Hitze-mit-FFP2-Maske-im-Bu\u0308ro-arbeiten.jpeg","width":1000,"height":668},{"@type":"BreadcrumbList","@id":"https:\/\/kbryant.de\/blog\/trotz-hitze-mit-ffp2-maske-im-buero\/#breadcrumb","itemListElement":[{"@type":"ListItem","position":1,"name":"Startseite","item":"https:\/\/kbryant.de\/blog\/"},{"@type":"ListItem","position":2,"name":"M\u00fcsst ihr trotz Hitze mit FFP2-Maske im B\u00fcro arbeiten?"}]},{"@type":"WebSite","@id":"https:\/\/kbryant.de\/blog\/#website","url":"https:\/\/kbryant.de\/blog\/","name":"KBryant","description":"Personalvermittlung","potentialAction":[{"@type":"SearchAction","target":{"@type":"EntryPoint","urlTemplate":"https:\/\/kbryant.de\/blog\/?s={search_term_string}"},"query-input":{"@type":"PropertyValueSpecification","valueRequired":true,"valueName":"search_term_string"}}],"inLanguage":"de"},{"@type":"Person","@id":"https:\/\/kbryant.de\/blog\/#\/schema\/person\/75f6786589e6c7ce36482bc6d3240fc4","name":"Rahmi Ozcan","image":{"@type":"ImageObject","inLanguage":"de","@id":"https:\/\/kbryant.de\/blog\/#\/schema\/person\/image\/","url":"https:\/\/secure.gravatar.com\/avatar\/8b78180c5108329cd34e78b1e9e09e3d?s=96&d=retro&r=g","contentUrl":"https:\/\/secure.gravatar.com\/avatar\/8b78180c5108329cd34e78b1e9e09e3d?s=96&d=retro&r=g","caption":"Rahmi Ozcan"},"sameAs":["https:\/\/thinkdigitalnow.co\/"],"url":"https:\/\/kbryant.de\/blog\/author\/rahmi\/"}]}},"_links":{"self":[{"href":"https:\/\/kbryant.de\/blog\/wp-json\/wp\/v2\/posts\/4363"}],"collection":[{"href":"https:\/\/kbryant.de\/blog\/wp-json\/wp\/v2\/posts"}],"about":[{"href":"https:\/\/kbryant.de\/blog\/wp-json\/wp\/v2\/types\/post"}],"author":[{"embeddable":true,"href":"https:\/\/kbryant.de\/blog\/wp-json\/wp\/v2\/users\/7"}],"replies":[{"embeddable":true,"href":"https:\/\/kbryant.de\/blog\/wp-json\/wp\/v2\/comments?post=4363"}],"version-history":[{"count":7,"href":"https:\/\/kbryant.de\/blog\/wp-json\/wp\/v2\/posts\/4363\/revisions"}],"predecessor-version":[{"id":4373,"href":"https:\/\/kbryant.de\/blog\/wp-json\/wp\/v2\/posts\/4363\/revisions\/4373"}],"wp:featuredmedia":[{"embeddable":true,"href":"https:\/\/kbryant.de\/blog\/wp-json\/wp\/v2\/media\/4366"}],"wp:attachment":[{"href":"https:\/\/kbryant.de\/blog\/wp-json\/wp\/v2\/media?parent=4363"}],"wp:term":[{"taxonomy":"category","embeddable":true,"href":"https:\/\/kbryant.de\/blog\/wp-json\/wp\/v2\/categories?post=4363"},{"taxonomy":"post_tag","embeddable":true,"href":"https:\/\/kbryant.de\/blog\/wp-json\/wp\/v2\/tags?post=4363"}],"curies":[{"name":"wp","href":"https:\/\/api.w.org\/{rel}","templated":true}]}}