{"id":1558,"date":"2018-09-26T13:34:38","date_gmt":"2018-09-26T11:34:38","guid":{"rendered":"https:\/\/kbryant.de\/blog\/?p=1558"},"modified":"2019-12-16T12:17:22","modified_gmt":"2019-12-16T11:17:22","slug":"oktoberfest-guide-fuer-angestellte-wie-man-die-wiesn-mit-dem-chef-uebersteht","status":"publish","type":"post","link":"https:\/\/kbryant.de\/blog\/oktoberfest-guide-fuer-angestellte-wie-man-die-wiesn-mit-dem-chef-uebersteht\/","title":{"rendered":"Unser Oktoberfest-Guide f\u00fcr Angestellte &#8211; 5 Tipps f\u00fcr die Wiesn mit dem Chef"},"content":{"rendered":"<p>[et_pb_section fb_built=&#8220;1&#8243; specialty=&#8220;on&#8220; _builder_version=&#8220;3.22&#8243; inner_width=&#8220;100%&#8220; inner_max_width=&#8220;100%&#8220; use_custom_width=&#8220;on&#8220; width_unit=&#8220;off&#8220; custom_width_percent=&#8220;100%&#8220; fb_built=&#8220;1&#8243; bb_built=&#8220;1&#8243; _i=&#8220;0&#8243; _address=&#8220;0&#8243;][et_pb_column type=&#8220;2_3&#8243; specialty_columns=&#8220;2&#8243; _builder_version=&#8220;3.25&#8243; custom_padding=&#8220;|||&#8220; _i=&#8220;0&#8243; _address=&#8220;0.0&#8243; custom_padding__hover=&#8220;|||&#8220;][et_pb_row_inner admin_label=&#8220;Zeile&#8220; _builder_version=&#8220;3.25&#8243; _i=&#8220;0&#8243; _address=&#8220;0.0.0&#8243;][et_pb_column_inner saved_specialty_column_type=&#8220;2_3&#8243; _builder_version=&#8220;3.25&#8243; custom_padding=&#8220;|||&#8220; _i=&#8220;0&#8243; _address=&#8220;0.0.0.0&#8243; custom_padding__hover=&#8220;|||&#8220;][et_pb_image src=&#8220;https:\/\/kbryant.de\/blog\/wp-content\/uploads\/2018\/09\/oktoberfest-guide.jpg&#8220; align_tablet=&#8220;center&#8220; align_last_edited=&#8220;on|desktop&#8220; _builder_version=&#8220;3.23&#8243; _i=&#8220;0&#8243; _address=&#8220;0.0.0.0.0&#8243;][\/et_pb_image][et_pb_text _builder_version=&#8220;3.27.4&#8243; text_font=&#8220;Open Sans||||||||&#8220; text_text_color=&#8220;#333333&#8243; _i=&#8220;1&#8243; _address=&#8220;0.0.0.0.1&#8243;]Das Oktoberfest 2018 ist angelaufen und unsere Partnerfirmen laden gerne ihre Mitarbeiter auf die Wiesn ein. Ein Bier mit Kollegen nach der Arbeit oder die klassische Weihnachtsfeier ist eine Sache. Aber mit dem Chef und dem ganzen Staff auf die Wiesn gehen und Starkbier trinken, das ist etwas anderes. Jeder, der mit seinen Freunden\/Freundinnen ausgeht, kann auch gerne mal einen \u00fcber den Durst trinken und sich etwas mehr erlauben. Aber darf das auch bei der Einladung vom Chef auf dem Oktoberfest sein?<br \/>\nWir zeigen dir welche Fettn\u00e4pfchen auf der Wiesn auf dich warten und wie du sie kinderleicht umgehen kannst.<\/p>\n<p><img loading=\"lazy\" decoding=\"async\" class=\"aligncenter wp-image-1529 size-full\" src=\"..\/wp-content\/uploads\/2018\/09\/2018\/09\/bier-loewe.jpg\" alt=\"\" width=\"1000\" height=\"334\" \/><\/p>\n<h2>1. Alkohol &#8211; Darf ich auf dem Oktoberfest trinken?<\/h2>\n<p>Das Oktoberfest und Alkohol geh\u00f6ren zusammen wie Berg und Tal. Auf der Theresienwiese werden j\u00e4hrlich knapp 8 Millionen Ma\u00df ausgeschenkt. Wenn dein Chef dich auf das Oktoberfest einl\u00e4dt, dann musst du dich nicht zur\u00fcckhalten und darfst nat\u00fcrlich Alkohol trinken. \u00dcbertreiben solltest du es nat\u00fcrlich nicht. Denn erstens muss dein Chef dich nicht in einem unkontrollierten Zustand sehen und au\u00dferdem solltest du fit f\u00fcr den n\u00e4chsten Tag im B\u00fcro sein. Und liebe M\u00e4nner, bitte daran denken: Beim Ansto\u00dfen wird in die Augen geschaut, nicht ins Dekollt\u00e9.<br \/>\n<strong>Unser Tipp:<\/strong> Bestell einfach zwischendurch mal ein alkoholfreies Bier oder, wenn es dir nichts ausmacht, dann ist auch ein Wasser auf der Wiesn ok.<\/p>\n<h1><img loading=\"lazy\" decoding=\"async\" class=\"aligncenter wp-image-1530 size-full\" src=\"..\/wp-content\/uploads\/2018\/09\/bier-loewe.jpg\" alt=\"\" width=\"1000\" height=\"334\" \/><\/h1>\n<h2>2. Die Fettn\u00e4pfchen einfach umgehen &#8211; Hingehen oder Fernbleiben?<\/h2>\n<p>Es gibt wohl nur zwei Arten von Leuten im Bezug auf das Oktoberfest. Die einen lieben die Wiesn und k\u00f6nnen gar nicht genug bekommen (auch wenn sie nur einmal im Jahr stattfindet). Die anderen sind \u00fcberhaupt keine Wiesn-G\u00e4nger und w\u00fcrden es vorziehen, die Veranstaltung zu vermeiden. Hier fragst du dich nat\u00fcrlich, welchen Eindruck du bei deinem Chef hinterl\u00e4sst, wenn du nicht erscheinst? Wenn du die Wiesn lieber meiden willst oder nicht das Risiko eingehen m\u00f6chtest, dich bei deinem Chef oder Kollegen mit Fehlverhalten durch \u00fcberm\u00e4\u00dfigen Alkoholkonsum zu blamieren: kein Problem. Kommuniziere dies mit deinem Chef und danke h\u00f6flich f\u00fcr die Einladung. Sei ehrlich und sag, dass das Oktoberfest nichts f\u00fcr dich ist. Ein Nichterscheinen ohne Absage solltest du vermeiden!<br \/>\nF\u00fcr alle anderen gilt, folgt der Einladung vom Chef und nutzt die Gelegenheit eines kostenfreien und spa\u00dfigen Abends.<br \/>\n<strong>Unser Tipp:<\/strong> Ganz klar: Hingehen! Eine Firmenfeier eignet sich besonders zum Netzwerken in der Firma. Ihr m\u00fcsst dort nicht \u00fcber die Arbeit sprechen, genauso wenig \u00fcber eure Lebensgeschichte. Leichter Small-Talk und die ein oder andere lockere Story eignen sich perfekt.<\/p>\n<h1><img loading=\"lazy\" decoding=\"async\" class=\"aligncenter wp-image-1533 size-full\" src=\"..\/wp-content\/uploads\/2018\/09\/oktoberfest.jpg\" alt=\"\" width=\"1000\" height=\"334\" \/><\/h1>\n<h2>3. Bayrisch als Nicht Bayer &#8211; Kann ich \u00fcberhaupt bayrisch?<\/h2>\n<p>Es gibt wohl kaum etwas bayrischeres als das Oktoberfest. Aus den Boxen t\u00f6nt Volksmusik und immer wieder wird zum mitsingen angestimmt. Auch auf der Wiesn 2018 sind Menschen aus allen m\u00f6glichen L\u00e4ndern und Kontinenten. Es ist ein echter Touristen-Hotspot. Auch aus ganz Deutschland kommen Menschen hierher. Sie kommen in Tracht oder Dirndl und wollen sich der bayrischen Kultur anpassen. Dazu geh\u00f6ren auch typische bayrische Aussprache und Floskeln. Wenn man nicht geb\u00fcrtig aus Bayern stammt, kann das etwas schwierig sein und wirkt unter Umst\u00e4nden etwas l\u00e4cherlich.<\/p>\n<p><strong>Unser Tipp:<\/strong> Sei einfach du selbst. Verstelle dich nicht, nur um authentisch zu wirken. Auf dem Oktoberfest sind mittlerweile alle Kulturen vertreten. Es besteht kein Grund, die Aufmerksamkeit auf sich zu lenken. Du kannst kein Bayrisch, versuche es nicht auf der Wiesn zu lernen.<\/p>\n<h1><img loading=\"lazy\" decoding=\"async\" class=\"aligncenter wp-image-1533 size-full\" src=\"..\/wp-content\/uploads\/2018\/09\/bayrisch.jpg\" alt=\"\" width=\"1000\" height=\"334\" \/><\/h1>\n<h2>4. Der Oktoberfest-Dresscode: Sollte ich unbedingt Tracht tragen?<\/h2>\n<p>Die Tracht passt perfekt auf das Oktoberfest. Es ist ein traditionelles Volksfest und dementsprechend darfst du dich auch kleiden. Aber keine Sorge, wenn du keine Tracht oder Dirndl hast. Auf dem Oktoberfest sind nicht alle Besucher mit der traditionellen Kleidung ausgestattet. Manche versuchen aber auch mit billigen Nachbildungen und wenig Geld passend gekleidet zu sein. Sei nicht so &#8211; Besser ohne Tracht statt mit einer billigen.<br \/>\nAls Frau kann man hier leicht in Verlegenheit kommen. Ist der Ausschnitt zu tief? Ist das Dirndl zu kurz? Welche Schuhe sind passend?<br \/>\n<strong>Unser Tipp:<\/strong> Mach keine halben Sachen. Entweder du kommst in Tracht oder du kleidest dich leger. In Tracht oder mit Dirndl wirkst du authentisch und passt dich der restlichen Gesellschaft auf der Wiesn an. Es ist aber kein Muss. Gehe am besten zu einem Verleih und besorge dir die passende Kleidung mit entsprechender Beratung f\u00fcr einen oder zwei Tage.<\/p>\n<h2>5. Tanzen oder nicht Tanzen?<\/h2>\n<p>In jedem Zelt auf der Wiesn wird Musik gespielt. Diese traditionelle Musik (oder auch manchmal Trinkmusik) animiert nahezu jeden zum Tanzen. Sei es auf der Tanzfl\u00e4che, beim Schunkeln auf den B\u00e4nken oder bei manchen G\u00e4sten auch auf den Tischen. In guter Gesellschaft haben Schuhe auf einem Tisch nichts verloren. Versuche nicht der Erste zu sein, der auf die B\u00e4nke springt!<\/p>\n<p><strong>Unser Tipp:<\/strong> Als guter T\u00e4nzer darfst du deinen Kollegen oder deine Kollegin gerne auf die Tanzfl\u00e4che entf\u00fchren. Auf den Tischen tanzen ist so lange Tabu bis der Chef der Erste ist.<\/p>\n<p><strong>Sei du selbst und authentisch<\/strong><\/p>\n<p>Aber ganz wichtig! Sei einfach du selbst und habe Spa\u00df. Menschen merken, wenn man sich verstellt und einen falschen Eindruck solltest du niemandem vermitteln! Schaue was deine Kollegen machen, schaue wie dein Chef drauf ist. Weniger ist auch hier mehr. Versuche nicht aus der Masse herauszustechen. Nutze die Gelegenheit zum Netzwerken und habe Spa\u00df, daf\u00fcr ist das Oktoberfest gedacht.<\/p>\n<p>Wie weit w\u00fcrdet ihr bei dem Oktoberfest mit den Kollegen und dem Chef gehen? Kann man sich bei so einer besonderen Veranstaltung auch mal gehen lassen oder muss auch hier Etikette bewahrt werden?<\/p>\n<p>Wir w\u00fcnsche auf alle F\u00e4lle viel Spa\u00df auf dem Oktoberfest!<\/p>\n<p>\u00dcbrigens, neue Stellenagebote in den Bereichen IT, Finance, Banking und Office findet ihr in unserer <a href=\"https:\/\/kbryant.de\/blog\/jobboerse\/\" target=\"_blank\" rel=\"noopener noreferrer\">Jobb\u00f6rse<\/a>.<br \/>\n[\/et_pb_text][et_pb_post_nav in_same_term=&#8220;off&#8220; _builder_version=&#8220;3.0.94&#8243; _i=&#8220;2&#8243; _address=&#8220;0.0.0.0.2&#8243;][\/et_pb_post_nav][\/et_pb_column_inner][\/et_pb_row_inner][et_pb_row_inner _builder_version=&#8220;3.27.4&#8243; _i=&#8220;1&#8243; _address=&#8220;0.0.1&#8243;][et_pb_column_inner saved_specialty_column_type=&#8220;2_3&#8243; _builder_version=&#8220;3.27.4&#8243; _i=&#8220;0&#8243; _address=&#8220;0.0.1.0&#8243;][et_pb_comments _builder_version=&#8220;3.27.4&#8243; _i=&#8220;0&#8243; _address=&#8220;0.0.1.0.0&#8243;][\/et_pb_comments][\/et_pb_column_inner][\/et_pb_row_inner][\/et_pb_column][et_pb_column type=&#8220;1_3&#8243; _builder_version=&#8220;3.25&#8243; custom_padding=&#8220;|||&#8220; _i=&#8220;1&#8243; _address=&#8220;0.1&#8243; custom_padding__hover=&#8220;|||&#8220;][et_pb_blurb title=&#8220;KBRYANT BLOG&#8220; _builder_version=&#8220;3.27.4&#8243; header_text_color=&#8220;#333333&#8243; global_module=&#8220;2305&#8243; saved_tabs=&#8220;all&#8220; _i=&#8220;0&#8243; _address=&#8220;0.1.0&#8243;]<\/p>\n<p>Unser Blog umfasst Beitr\u00e4ge zu den Themen Bewerbung, B\u00fcroalltag, Karriere, Lebenslauf, Personalsuche und Wissenswertes rund um das Thema Personalvermittlung.<\/p>\n<p>[\/et_pb_blurb][et_pb_text _builder_version=&#8220;3.27.4&#8243; text_text_color=&#8220;#000000&#8243; global_module=&#8220;2306&#8243; saved_tabs=&#8220;all&#8220; _i=&#8220;0&#8243; _address=&#8220;2.0.1.0&#8243;]<\/p>\n<p>Folge uns auf unseren Social Media Kan\u00e4len:<\/p>\n<p>[\/et_pb_text][et_pb_social_media_follow _builder_version=&#8220;3.0.94&#8243; global_module=&#8220;2307&#8243; saved_tabs=&#8220;all&#8220; _i=&#8220;2&#8243; _address=&#8220;0.1.2&#8243;][et_pb_social_media_follow_network social_network=&#8220;facebook&#8220; url=&#8220;http:\/\/kbryantmuenchen&#8220; _builder_version=&#8220;3.0.94&#8243; background_color=&#8220;#3b5998&#8243; follow_button=&#8220;off&#8220; url_new_window=&#8220;on&#8220; _i=&#8220;0&#8243; _address=&#8220;0.1.2.0&#8243;]<\/p>\n<p>Facebook<\/p>\n<p>[\/et_pb_social_media_follow_network][et_pb_social_media_follow_network social_network=&#8220;twitter&#8220; url=&#8220;https:\/\/twitter.com\/kbryant_gmbh&#8220; _builder_version=&#8220;3.0.94&#8243; background_color=&#8220;#00aced&#8220; follow_button=&#8220;off&#8220; url_new_window=&#8220;on&#8220; _i=&#8220;1&#8243; _address=&#8220;0.1.2.1&#8243;]<\/p>\n<p>Twitter<\/p>\n<p>[\/et_pb_social_media_follow_network][et_pb_social_media_follow_network social_network=&#8220;instagram&#8220; url=&#8220;https:\/\/www.instagram.com\/kbryant_gmbh&#8220; _builder_version=&#8220;3.0.94&#8243; background_color=&#8220;#e4405f&#8220; follow_button=&#8220;off&#8220; url_new_window=&#8220;on&#8220; _i=&#8220;2&#8243; _address=&#8220;0.1.2.2&#8243;]<\/p>\n<p>Instagram<\/p>\n<p>[\/et_pb_social_media_follow_network][et_pb_social_media_follow_network social_network=&#8220;linkedin&#8220; url=&#8220;https:\/\/www.linkedin.com\/company\/kbryantgmbh&#8220; _builder_version=&#8220;3.0.94&#8243; background_color=&#8220;#007bb6&#8243; _i=&#8220;3&#8243; _address=&#8220;0.1.2.3&#8243; follow_button=&#8220;off&#8220; url_new_window=&#8220;on&#8220;]<\/p>\n<p>LinkedIn<\/p>\n<p>[\/et_pb_social_media_follow_network][\/et_pb_social_media_follow][et_pb_sidebar orientation=&#8220;right&#8220; area=&#8220;sidebar-1&#8243; _builder_version=&#8220;3.0.94&#8243; _i=&#8220;3&#8243; _address=&#8220;0.1.3&#8243;][\/et_pb_sidebar][\/et_pb_column][\/et_pb_section]<\/p>\n","protected":false},"excerpt":{"rendered":"<p>Unser Oktoberfest-Guide f\u00fcr Angestellte &#8211; 5 Tipps wie man die Wiesn mit dem Chef \u00fcbersteht. Am Wochenende startete wieder das Oktoberfest in M\u00fcnchen.<\/p>\n","protected":false},"author":7,"featured_media":1562,"comment_status":"open","ping_status":"open","sticky":false,"template":"","format":"standard","meta":{"_et_pb_use_builder":"on","_et_pb_old_content":"","_et_gb_content_width":"","footnotes":""},"categories":[72],"tags":[74,73],"yoast_head":"<!-- This site is optimized with the Yoast SEO plugin v24.5 - https:\/\/yoast.com\/wordpress\/plugins\/seo\/ -->\n<title>Oktoberfest-Guide: Wie man die Wiesn mit dem Chef \u00fcbersteht | Kbryant.de<\/title>\n<meta name=\"description\" content=\"Unser Oktoberfest-Guide f\u00fcr Angestellte - 5 Tipps wie man die Wiesn mit dem Chef \u00fcbersteht. Am Wochenende startete wieder das Oktoberfest in M\u00fcnchen.\" \/>\n<meta name=\"robots\" content=\"index, follow, max-snippet:-1, max-image-preview:large, max-video-preview:-1\" \/>\n<link rel=\"canonical\" href=\"https:\/\/kbryant.de\/blog\/oktoberfest-guide-fuer-angestellte-wie-man-die-wiesn-mit-dem-chef-uebersteht\/\" \/>\n<meta property=\"og:locale\" content=\"de_DE\" \/>\n<meta property=\"og:type\" content=\"article\" \/>\n<meta property=\"og:title\" content=\"Oktoberfest-Guide: Wie man die Wiesn mit dem Chef \u00fcbersteht | Kbryant.de\" \/>\n<meta property=\"og:description\" content=\"Unser Oktoberfest-Guide f\u00fcr Angestellte - 5 Tipps wie man die Wiesn mit dem Chef \u00fcbersteht. Am Wochenende startete wieder das Oktoberfest in M\u00fcnchen.\" \/>\n<meta property=\"og:url\" content=\"https:\/\/kbryant.de\/blog\/oktoberfest-guide-fuer-angestellte-wie-man-die-wiesn-mit-dem-chef-uebersteht\/\" \/>\n<meta property=\"og:site_name\" content=\"KBryant\" \/>\n<meta property=\"article:publisher\" content=\"https:\/\/www.facebook.com\/kbryantgmbh\" \/>\n<meta property=\"article:published_time\" content=\"2018-09-26T11:34:38+00:00\" \/>\n<meta property=\"article:modified_time\" content=\"2019-12-16T11:17:22+00:00\" \/>\n<meta property=\"og:image\" content=\"https:\/\/kbryant.de\/blog\/wp-content\/uploads\/2018\/09\/oktoberfest-guide.jpg\" \/>\n\t<meta property=\"og:image:width\" content=\"1000\" \/>\n\t<meta property=\"og:image:height\" content=\"668\" \/>\n\t<meta property=\"og:image:type\" content=\"image\/jpeg\" \/>\n<meta name=\"author\" content=\"Rahmi Ozcan\" \/>\n<meta name=\"twitter:card\" content=\"summary_large_image\" \/>\n<meta name=\"twitter:creator\" content=\"@kbryant_gmbh\" \/>\n<meta name=\"twitter:site\" content=\"@kbryant_gmbh\" \/>\n<meta name=\"twitter:label1\" content=\"Verfasst von\" \/>\n\t<meta name=\"twitter:data1\" content=\"Rahmi Ozcan\" \/>\n\t<meta name=\"twitter:label2\" content=\"Gesch\u00e4tzte Lesezeit\" \/>\n\t<meta name=\"twitter:data2\" content=\"7\u00a0Minuten\" \/>\n<script type=\"application\/ld+json\" class=\"yoast-schema-graph\">{\"@context\":\"https:\/\/schema.org\",\"@graph\":[{\"@type\":\"WebPage\",\"@id\":\"https:\/\/kbryant.de\/blog\/oktoberfest-guide-fuer-angestellte-wie-man-die-wiesn-mit-dem-chef-uebersteht\/\",\"url\":\"https:\/\/kbryant.de\/blog\/oktoberfest-guide-fuer-angestellte-wie-man-die-wiesn-mit-dem-chef-uebersteht\/\",\"name\":\"Oktoberfest-Guide: Wie man die Wiesn mit dem Chef \u00fcbersteht | Kbryant.de\",\"isPartOf\":{\"@id\":\"https:\/\/kbryant.de\/blog\/#website\"},\"primaryImageOfPage\":{\"@id\":\"https:\/\/kbryant.de\/blog\/oktoberfest-guide-fuer-angestellte-wie-man-die-wiesn-mit-dem-chef-uebersteht\/#primaryimage\"},\"image\":{\"@id\":\"https:\/\/kbryant.de\/blog\/oktoberfest-guide-fuer-angestellte-wie-man-die-wiesn-mit-dem-chef-uebersteht\/#primaryimage\"},\"thumbnailUrl\":\"https:\/\/kbryant.de\/blog\/wp-content\/uploads\/2018\/09\/oktoberfest-guide.jpg\",\"datePublished\":\"2018-09-26T11:34:38+00:00\",\"dateModified\":\"2019-12-16T11:17:22+00:00\",\"author\":{\"@id\":\"https:\/\/kbryant.de\/blog\/#\/schema\/person\/75f6786589e6c7ce36482bc6d3240fc4\"},\"description\":\"Unser Oktoberfest-Guide f\u00fcr Angestellte - 5 Tipps wie man die Wiesn mit dem Chef \u00fcbersteht. Am Wochenende startete wieder das Oktoberfest in M\u00fcnchen.\",\"breadcrumb\":{\"@id\":\"https:\/\/kbryant.de\/blog\/oktoberfest-guide-fuer-angestellte-wie-man-die-wiesn-mit-dem-chef-uebersteht\/#breadcrumb\"},\"inLanguage\":\"de\",\"potentialAction\":[{\"@type\":\"ReadAction\",\"target\":[\"https:\/\/kbryant.de\/blog\/oktoberfest-guide-fuer-angestellte-wie-man-die-wiesn-mit-dem-chef-uebersteht\/\"]}]},{\"@type\":\"ImageObject\",\"inLanguage\":\"de\",\"@id\":\"https:\/\/kbryant.de\/blog\/oktoberfest-guide-fuer-angestellte-wie-man-die-wiesn-mit-dem-chef-uebersteht\/#primaryimage\",\"url\":\"https:\/\/kbryant.de\/blog\/wp-content\/uploads\/2018\/09\/oktoberfest-guide.jpg\",\"contentUrl\":\"https:\/\/kbryant.de\/blog\/wp-content\/uploads\/2018\/09\/oktoberfest-guide.jpg\",\"width\":1000,\"height\":668},{\"@type\":\"BreadcrumbList\",\"@id\":\"https:\/\/kbryant.de\/blog\/oktoberfest-guide-fuer-angestellte-wie-man-die-wiesn-mit-dem-chef-uebersteht\/#breadcrumb\",\"itemListElement\":[{\"@type\":\"ListItem\",\"position\":1,\"name\":\"Startseite\",\"item\":\"https:\/\/kbryant.de\/blog\/\"},{\"@type\":\"ListItem\",\"position\":2,\"name\":\"Unser Oktoberfest-Guide f\u00fcr Angestellte &#8211; 5 Tipps f\u00fcr die Wiesn mit dem Chef\"}]},{\"@type\":\"WebSite\",\"@id\":\"https:\/\/kbryant.de\/blog\/#website\",\"url\":\"https:\/\/kbryant.de\/blog\/\",\"name\":\"KBryant\",\"description\":\"Personalvermittlung\",\"potentialAction\":[{\"@type\":\"SearchAction\",\"target\":{\"@type\":\"EntryPoint\",\"urlTemplate\":\"https:\/\/kbryant.de\/blog\/?s={search_term_string}\"},\"query-input\":{\"@type\":\"PropertyValueSpecification\",\"valueRequired\":true,\"valueName\":\"search_term_string\"}}],\"inLanguage\":\"de\"},{\"@type\":\"Person\",\"@id\":\"https:\/\/kbryant.de\/blog\/#\/schema\/person\/75f6786589e6c7ce36482bc6d3240fc4\",\"name\":\"Rahmi Ozcan\",\"image\":{\"@type\":\"ImageObject\",\"inLanguage\":\"de\",\"@id\":\"https:\/\/kbryant.de\/blog\/#\/schema\/person\/image\/\",\"url\":\"https:\/\/secure.gravatar.com\/avatar\/8b78180c5108329cd34e78b1e9e09e3d?s=96&d=retro&r=g\",\"contentUrl\":\"https:\/\/secure.gravatar.com\/avatar\/8b78180c5108329cd34e78b1e9e09e3d?s=96&d=retro&r=g\",\"caption\":\"Rahmi Ozcan\"},\"sameAs\":[\"https:\/\/thinkdigitalnow.co\/\"],\"url\":\"https:\/\/kbryant.de\/blog\/author\/rahmi\/\"}]}<\/script>\n<!-- \/ Yoast SEO plugin. -->","yoast_head_json":{"title":"Oktoberfest-Guide: Wie man die Wiesn mit dem Chef \u00fcbersteht | Kbryant.de","description":"Unser Oktoberfest-Guide f\u00fcr Angestellte - 5 Tipps wie man die Wiesn mit dem Chef \u00fcbersteht. Am Wochenende startete wieder das Oktoberfest in M\u00fcnchen.","robots":{"index":"index","follow":"follow","max-snippet":"max-snippet:-1","max-image-preview":"max-image-preview:large","max-video-preview":"max-video-preview:-1"},"canonical":"https:\/\/kbryant.de\/blog\/oktoberfest-guide-fuer-angestellte-wie-man-die-wiesn-mit-dem-chef-uebersteht\/","og_locale":"de_DE","og_type":"article","og_title":"Oktoberfest-Guide: Wie man die Wiesn mit dem Chef \u00fcbersteht | Kbryant.de","og_description":"Unser Oktoberfest-Guide f\u00fcr Angestellte - 5 Tipps wie man die Wiesn mit dem Chef \u00fcbersteht. Am Wochenende startete wieder das Oktoberfest in M\u00fcnchen.","og_url":"https:\/\/kbryant.de\/blog\/oktoberfest-guide-fuer-angestellte-wie-man-die-wiesn-mit-dem-chef-uebersteht\/","og_site_name":"KBryant","article_publisher":"https:\/\/www.facebook.com\/kbryantgmbh","article_published_time":"2018-09-26T11:34:38+00:00","article_modified_time":"2019-12-16T11:17:22+00:00","og_image":[{"width":1000,"height":668,"url":"https:\/\/kbryant.de\/blog\/wp-content\/uploads\/2018\/09\/oktoberfest-guide.jpg","type":"image\/jpeg"}],"author":"Rahmi Ozcan","twitter_card":"summary_large_image","twitter_creator":"@kbryant_gmbh","twitter_site":"@kbryant_gmbh","twitter_misc":{"Verfasst von":"Rahmi Ozcan","Gesch\u00e4tzte Lesezeit":"7\u00a0Minuten"},"schema":{"@context":"https:\/\/schema.org","@graph":[{"@type":"WebPage","@id":"https:\/\/kbryant.de\/blog\/oktoberfest-guide-fuer-angestellte-wie-man-die-wiesn-mit-dem-chef-uebersteht\/","url":"https:\/\/kbryant.de\/blog\/oktoberfest-guide-fuer-angestellte-wie-man-die-wiesn-mit-dem-chef-uebersteht\/","name":"Oktoberfest-Guide: Wie man die Wiesn mit dem Chef \u00fcbersteht | Kbryant.de","isPartOf":{"@id":"https:\/\/kbryant.de\/blog\/#website"},"primaryImageOfPage":{"@id":"https:\/\/kbryant.de\/blog\/oktoberfest-guide-fuer-angestellte-wie-man-die-wiesn-mit-dem-chef-uebersteht\/#primaryimage"},"image":{"@id":"https:\/\/kbryant.de\/blog\/oktoberfest-guide-fuer-angestellte-wie-man-die-wiesn-mit-dem-chef-uebersteht\/#primaryimage"},"thumbnailUrl":"https:\/\/kbryant.de\/blog\/wp-content\/uploads\/2018\/09\/oktoberfest-guide.jpg","datePublished":"2018-09-26T11:34:38+00:00","dateModified":"2019-12-16T11:17:22+00:00","author":{"@id":"https:\/\/kbryant.de\/blog\/#\/schema\/person\/75f6786589e6c7ce36482bc6d3240fc4"},"description":"Unser Oktoberfest-Guide f\u00fcr Angestellte - 5 Tipps wie man die Wiesn mit dem Chef \u00fcbersteht. Am Wochenende startete wieder das Oktoberfest in M\u00fcnchen.","breadcrumb":{"@id":"https:\/\/kbryant.de\/blog\/oktoberfest-guide-fuer-angestellte-wie-man-die-wiesn-mit-dem-chef-uebersteht\/#breadcrumb"},"inLanguage":"de","potentialAction":[{"@type":"ReadAction","target":["https:\/\/kbryant.de\/blog\/oktoberfest-guide-fuer-angestellte-wie-man-die-wiesn-mit-dem-chef-uebersteht\/"]}]},{"@type":"ImageObject","inLanguage":"de","@id":"https:\/\/kbryant.de\/blog\/oktoberfest-guide-fuer-angestellte-wie-man-die-wiesn-mit-dem-chef-uebersteht\/#primaryimage","url":"https:\/\/kbryant.de\/blog\/wp-content\/uploads\/2018\/09\/oktoberfest-guide.jpg","contentUrl":"https:\/\/kbryant.de\/blog\/wp-content\/uploads\/2018\/09\/oktoberfest-guide.jpg","width":1000,"height":668},{"@type":"BreadcrumbList","@id":"https:\/\/kbryant.de\/blog\/oktoberfest-guide-fuer-angestellte-wie-man-die-wiesn-mit-dem-chef-uebersteht\/#breadcrumb","itemListElement":[{"@type":"ListItem","position":1,"name":"Startseite","item":"https:\/\/kbryant.de\/blog\/"},{"@type":"ListItem","position":2,"name":"Unser Oktoberfest-Guide f\u00fcr Angestellte &#8211; 5 Tipps f\u00fcr die Wiesn mit dem Chef"}]},{"@type":"WebSite","@id":"https:\/\/kbryant.de\/blog\/#website","url":"https:\/\/kbryant.de\/blog\/","name":"KBryant","description":"Personalvermittlung","potentialAction":[{"@type":"SearchAction","target":{"@type":"EntryPoint","urlTemplate":"https:\/\/kbryant.de\/blog\/?s={search_term_string}"},"query-input":{"@type":"PropertyValueSpecification","valueRequired":true,"valueName":"search_term_string"}}],"inLanguage":"de"},{"@type":"Person","@id":"https:\/\/kbryant.de\/blog\/#\/schema\/person\/75f6786589e6c7ce36482bc6d3240fc4","name":"Rahmi Ozcan","image":{"@type":"ImageObject","inLanguage":"de","@id":"https:\/\/kbryant.de\/blog\/#\/schema\/person\/image\/","url":"https:\/\/secure.gravatar.com\/avatar\/8b78180c5108329cd34e78b1e9e09e3d?s=96&d=retro&r=g","contentUrl":"https:\/\/secure.gravatar.com\/avatar\/8b78180c5108329cd34e78b1e9e09e3d?s=96&d=retro&r=g","caption":"Rahmi Ozcan"},"sameAs":["https:\/\/thinkdigitalnow.co\/"],"url":"https:\/\/kbryant.de\/blog\/author\/rahmi\/"}]}},"_links":{"self":[{"href":"https:\/\/kbryant.de\/blog\/wp-json\/wp\/v2\/posts\/1558"}],"collection":[{"href":"https:\/\/kbryant.de\/blog\/wp-json\/wp\/v2\/posts"}],"about":[{"href":"https:\/\/kbryant.de\/blog\/wp-json\/wp\/v2\/types\/post"}],"author":[{"embeddable":true,"href":"https:\/\/kbryant.de\/blog\/wp-json\/wp\/v2\/users\/7"}],"replies":[{"embeddable":true,"href":"https:\/\/kbryant.de\/blog\/wp-json\/wp\/v2\/comments?post=1558"}],"version-history":[{"count":22,"href":"https:\/\/kbryant.de\/blog\/wp-json\/wp\/v2\/posts\/1558\/revisions"}],"predecessor-version":[{"id":2997,"href":"https:\/\/kbryant.de\/blog\/wp-json\/wp\/v2\/posts\/1558\/revisions\/2997"}],"wp:featuredmedia":[{"embeddable":true,"href":"https:\/\/kbryant.de\/blog\/wp-json\/wp\/v2\/media\/1562"}],"wp:attachment":[{"href":"https:\/\/kbryant.de\/blog\/wp-json\/wp\/v2\/media?parent=1558"}],"wp:term":[{"taxonomy":"category","embeddable":true,"href":"https:\/\/kbryant.de\/blog\/wp-json\/wp\/v2\/categories?post=1558"},{"taxonomy":"post_tag","embeddable":true,"href":"https:\/\/kbryant.de\/blog\/wp-json\/wp\/v2\/tags?post=1558"}],"curies":[{"name":"wp","href":"https:\/\/api.w.org\/{rel}","templated":true}]}}